{"id":209,"date":"2022-05-07T21:39:57","date_gmt":"2022-05-07T21:39:57","guid":{"rendered":"https:\/\/cildirovaun.com\/?p=209"},"modified":"2022-05-07T21:43:07","modified_gmt":"2022-05-07T21:43:07","slug":"ata-tohumuna-sahip-cikan-ciftci-yogun-talep-alinca-uretimde-hedef-buyuttu-anadolu-ajansi","status":"publish","type":"post","link":"https:\/\/cildirovaun.com\/index.php\/2022\/05\/07\/ata-tohumuna-sahip-cikan-ciftci-yogun-talep-alinca-uretimde-hedef-buyuttu-anadolu-ajansi\/","title":{"rendered":"Ata tohumuna sahip \u00e7\u0131kan \u00e7ift\u00e7i yo\u011fun talep al\u0131nca \u00fcretimde hedef b\u00fcy\u00fctt\u00fc,\u00a0Anadolu Ajans\u0131"},"content":{"rendered":"\n<p>G\u00fcnay Nuh &nbsp; |07.05.2022<img src=\"https:\/\/cdnuploads.aa.com.tr\/uploads\/Contents\/2022\/05\/07\/thumbs_b_c_eb46675bd32c59dd13a0544f5e8efcbe.jpg?v=121618\" alt=\"Ata tohumuna sahip \u00e7\u0131kan \u00e7ift\u00e7i yo\u011fun talep al\u0131nca \u00fcretimde hedef b\u00fcy\u00fctt\u00fc\">Foto\u011fraf: G\u00fcnay Nuh\/AA<\/p>\n\n\n\n<figure class=\"wp-block-embed is-type-rich is-provider-embed-handler wp-block-embed-embed-handler wp-embed-aspect-16-9 wp-has-aspect-ratio\"><div class=\"wp-block-embed__wrapper\">\n<iframe loading=\"lazy\" title=\"Ata tohumuna sahip \u00e7\u0131kan \u00e7ift\u00e7i yo\u011fun talep al\u0131nca \u00fcretimde hedef b\u00fcy\u00fctt\u00fc\" width=\"1170\" height=\"658\" src=\"https:\/\/www.youtube.com\/embed\/xoMeSrskid0?feature=oembed\" frameborder=\"0\" allow=\"accelerometer; autoplay; clipboard-write; encrypted-media; gyroscope; picture-in-picture\" allowfullscreen><\/iframe>\n<\/div><\/figure>\n\n\n\n<p><a href=\"http:\/\/www.facebook.com\/sharer.php?u=https:\/\/www.aa.com.tr\/tr\/ekonomi\/ata-tohumuna-sahip-cikan-ciftci-yogun-talep-alinca-uretimde-hedef-buyuttu\/2581454&amp;p[images][0]=https:\/\/cdnuploads.aa.com.tr\/uploads\/Contents\/2022\/05\/07\/thumbs_b_c_eb46675bd32c59dd13a0544f5e8efcbe.jpg?v=121618&amp;p[title]=Ata%20tohumuna%20sahip%20%C3%A7%C4%B1kan%20%C3%A7ift%C3%A7i%20yo%C4%9Fun%20talep%20al%C4%B1nca%20%C3%BCretimde%20hedef%20b%C3%BCy%C3%BCtt%C3%BC&amp;p[summary]=Ardahanl%C4%B1%20%C3%A7ift%C3%A7i%20Nejdet%20Kanbir,%20ata%20tohumu%20kav%C4%B1lca%20bu%C4%9Fday%C4%B1na%20yo%C4%9Fun%20talep%20al%C4%B1nca%20%C3%BCretim%20hedefini%20b%C3%BCy%C3%BCtt%C3%BC.\"><\/a><a href=\"https:\/\/twitter.com\/intent\/tweet?url=http:\/\/v.aa.com.tr\/2581454&amp;text=Ata+tohumuna+sahip+%c3%a7%c4%b1kan+%c3%a7ift%c3%a7i+yo%c4%9fun+talep+al%c4%b1nca+%c3%bcretimde+hedef+b%c3%bcy%c3%bctt%c3%bc\"><\/a><a href=\"https:\/\/www.linkedin.com\/shareArticle?mini=true&amp;url=https:\/\/www.aa.com.tr\/tr\/ekonomi\/ata-tohumuna-sahip-cikan-ciftci-yogun-talep-alinca-uretimde-hedef-buyuttu\/2581454&amp;title=Ata+tohumuna+sahip+%c3%a7%c4%b1kan+%c3%a7ift%c3%a7i+yo%c4%9fun+talep+al%c4%b1nca+%c3%bcretimde+hedef+b%c3%bcy%c3%bctt%c3%bc\"><\/a><a href=\"mailto:?subject=Ata+tohumuna+sahip+%c3%a7%c4%b1kan+%c3%a7ift%c3%a7i+yo%c4%9fun+talep+al%c4%b1nca+%c3%bcretimde+hedef+b%c3%bcy%c3%bctt%c3%bc&amp;body=Ata+tohumuna+sahip+%c3%a7%c4%b1kan+%c3%a7ift%c3%a7i+yo%c4%9fun+talep+al%c4%b1nca+%c3%bcretimde+hedef+b%c3%bcy%c3%bctt%c3%bc%20https:\/\/www.aa.com.tr\/tr\/ekonomi\/ata-tohumuna-sahip-cikan-ciftci-yogun-talep-alinca-uretimde-hedef-buyuttu\/2581454\"><\/a><a href=\"https:\/\/www.aa.com.tr\/tr\/ekonomi\/ata-tohumuna-sahip-cikan-ciftci-yogun-talep-alinca-uretimde-hedef-buyuttu\/2581454#!\"><\/a><\/p>\n\n\n\n<h6>Ardahan<\/h6>\n\n\n\n<p>\u0130\u015flenmesi zor oldu\u011fu i\u00e7in \u00e7ift\u00e7ilerce \u00e7ok ekilmeyen kav\u0131lcan\u0131n yayg\u0131nla\u015ft\u0131r\u0131lmas\u0131 i\u00e7in \u00e7al\u0131\u015fma yapan \u00e7ift\u00e7i Kanbir, \u00c7\u0131ld\u0131r il\u00e7esinin A\u015f\u0131k\u015fenlik b\u00f6lgesinde 10 y\u0131l \u00f6nce 15 kilogram ata bu\u011fday\u0131n\u0131 ekmeye ba\u015flad\u0131.<\/p>\n\n\n\n<p>\u0130lk ekimde y\u00fcksek verim alan Kanbir, bunun \u00fczerine &#8220;Kav\u0131lca \u0130\u015fleme&#8221; projesi haz\u0131rlayarak Tar\u0131m ve K\u0131rsal Kalk\u0131nmay\u0131 Destekleme Kurumuna (TKDK) m\u00fcracaatta bulundu.<\/p>\n\n\n\n<p>Ald\u0131\u011f\u0131 destekle tesis kuran Kanbir, tohumluk olarak \u00e7ift\u00e7ilere, un ve bulgur olarak sofralara ula\u015fmas\u0131n\u0131 sa\u011flad\u0131\u011f\u0131 ata tohumunda \u00fcretimi iki kat\u0131na \u00e7\u0131karmay\u0131 hedefliyor.<\/p>\n\n\n\n<p>\u00c7ift\u00e7i Kanbir, AA muhabirine, &#8220;Sosyete yiyece\u011fi kav\u0131lca, fakir sofralar\u0131na lezzet katacak&#8221; slogan\u0131yla yola \u00e7\u0131kt\u0131\u011f\u0131n\u0131 anlatt\u0131.<\/p>\n\n\n\n<p>Tesiste saatte 250 kilogram bu\u011fday\u0131n kabu\u011fundan ayr\u0131\u015ft\u0131r\u0131lmas\u0131n\u0131n, 600 kilogram da un elde edilmesinin talebi kar\u015f\u0131lamad\u0131\u011f\u0131n\u0131 vurgulayan Kanbir, \u015f\u00f6yle konu\u015ftu:<\/p>\n\n\n\n<p>&#8220;Bug\u00fcn gelinen noktada son derece iyi durumday\u0131z ancak yeterli de\u011fil. \u00c7\u00fcnk\u00fc talepler artt\u0131, kar\u015f\u0131l\u0131k vermekte zorlan\u0131yoruz. Biz baz\u0131 altyap\u0131 ve teknik sorunlar\u0131m\u0131z\u0131n giderilmesiyle hedefimizi b\u00fcy\u00fct\u00fcp saatte 1 ton un \u00fcretmenin gayretindeyiz. Amac\u0131m\u0131z, bir saatte 1 ton bu\u011fday\u0131 kabu\u011fundan \u00e7\u0131karmak, yine 1 ton un elde etmek. O zaman as\u0131l hedefe ula\u015f\u0131lm\u0131\u015f olaca\u011f\u0131z. \u00c7\u00fcnk\u00fc \u015fu an yo\u011fun bir talep var.&#8221;<\/p>\n\n\n\n<h3>&#8220;Kepekli ve kepeksiz un taleplerine kar\u015f\u0131l\u0131k verebiliyoruz&#8221;<\/h3>\n\n\n\n<p>\u0130\u015fe ba\u015flarken ilk hedefinin bu\u011fday\u0131 kabu\u011fundan ay\u0131klamak oldu\u011funu aktaran Kanbir, &#8220;Art\u0131k bu\u011fday\u0131 h\u0131rpalamadan una d\u00f6n\u00fc\u015ft\u00fcrmeyi ba\u015farabiliyoruz. Kepekli ve kepeksiz un taleplerine kar\u015f\u0131l\u0131k verebiliyoruz. \u015eu an bu \u00fcr\u00fcn b\u00f6lgemizin bir de\u011feri. Bu noktada iyi durumday\u0131z. Evlerimizde t\u00fcketiliyor olmas\u0131 bizi \u00e7ok mutlu ediyor.&#8221; diye konu\u015ftu.<\/p>\n\n\n\n<p>Ardahan Ticaret ve Sanayi Odas\u0131 Ba\u015fkan\u0131 \u00c7etin Demirci de 2020&#8217;de \u200b\u200b\u200b\u200b\u200b\u200b\u200b&#8221;Kav\u0131lca bu\u011fday\u0131 ve unu&#8221; ad\u0131nda tescil \u00e7al\u0131\u015fmas\u0131 ba\u015flatt\u0131klar\u0131n\u0131 an\u0131msatarak, ata tohumu kullan\u0131m\u0131n\u0131n yayg\u0131nla\u015fmas\u0131 i\u00e7in yap\u0131lacak \u00e7al\u0131\u015fmalara destek olacaklar\u0131n\u0131 kaydetti.<\/p>\n\n\n\n<h4>Ardahanl\u0131 \u00e7ift\u00e7i Nejdet Kanbir, ata tohumu kav\u0131lca bu\u011fday\u0131na yo\u011fun talep al\u0131nca \u00fcretim hedefini b\u00fcy\u00fctt\u00fc.<\/h4>\n\n\n\n<p>G\u00fcnay Nuh &nbsp; |07.05.2022<\/p>\n\n\n\n<p><\/p>\n\n\n\n<p><\/p>\n\n\n\n<p><a href=\"https:\/\/www.aa.com.tr\/tr\/ekonomi\/ata-tohumuna-sahip-cikan-ciftci-yogun-talep-alinca-uretimde-hedef-buyuttu\/2581454\">https:\/\/www.aa.com.tr\/tr\/ekonomi\/ata-tohumuna-sahip-cikan-ciftci-yogun-talep-alinca-uretimde-hedef-buyuttu\/2581454<\/a><\/p>\n","protected":false},"excerpt":{"rendered":"<p>G\u00fcnay Nuh &nbsp; |07.05.2022Foto\u011fraf: G\u00fcnay Nuh\/AA Ardahan \u0130\u015flenmesi zor oldu\u011fu i\u00e7in \u00e7ift\u00e7ilerce \u00e7ok ekilmeyen kav\u0131lcan\u0131n yayg\u0131nla\u015ft\u0131r\u0131lmas\u0131 i\u00e7in \u00e7al\u0131\u015fma yapan \u00e7ift\u00e7i Kanbir, \u00c7\u0131ld\u0131r il\u00e7esinin A\u015f\u0131k\u015fenlik b\u00f6lgesinde 10 y\u0131l \u00f6nce 15 kilogram&#8230; <a href=\"https:\/\/cildirovaun.com\/index.php\/2022\/05\/07\/ata-tohumuna-sahip-cikan-ciftci-yogun-talep-alinca-uretimde-hedef-buyuttu-anadolu-ajansi\/\">Continue Reading<\/a><\/p>\n","protected":false},"author":1,"featured_media":99,"comment_status":"open","ping_status":"open","sticky":false,"template":"","format":"standard","meta":[],"categories":[1],"tags":[],"_links":{"self":[{"href":"https:\/\/cildirovaun.com\/index.php\/wp-json\/wp\/v2\/posts\/209"}],"collection":[{"href":"https:\/\/cildirovaun.com\/index.php\/wp-json\/wp\/v2\/posts"}],"about":[{"href":"https:\/\/cildirovaun.com\/index.php\/wp-json\/wp\/v2\/types\/post"}],"author":[{"embeddable":true,"href":"https:\/\/cildirovaun.com\/index.php\/wp-json\/wp\/v2\/users\/1"}],"replies":[{"embeddable":true,"href":"https:\/\/cildirovaun.com\/index.php\/wp-json\/wp\/v2\/comments?post=209"}],"version-history":[{"count":2,"href":"https:\/\/cildirovaun.com\/index.php\/wp-json\/wp\/v2\/posts\/209\/revisions"}],"predecessor-version":[{"id":212,"href":"https:\/\/cildirovaun.com\/index.php\/wp-json\/wp\/v2\/posts\/209\/revisions\/212"}],"wp:featuredmedia":[{"embeddable":true,"href":"https:\/\/cildirovaun.com\/index.php\/wp-json\/wp\/v2\/media\/99"}],"wp:attachment":[{"href":"https:\/\/cildirovaun.com\/index.php\/wp-json\/wp\/v2\/media?parent=209"}],"wp:term":[{"taxonomy":"category","embeddable":true,"href":"https:\/\/cildirovaun.com\/index.php\/wp-json\/wp\/v2\/categories?post=209"},{"taxonomy":"post_tag","embeddable":true,"href":"https:\/\/cildirovaun.com\/index.php\/wp-json\/wp\/v2\/tags?post=209"}],"curies":[{"name":"wp","href":"https:\/\/api.w.org\/{rel}","templated":true}]}}